{"id":24724,"date":"2019-08-13T00:06:09","date_gmt":"2019-08-13T03:06:09","guid":{"rendered":"https:\/\/coreto.cl\/home\/?p=24724"},"modified":"2020-03-25T15:31:41","modified_gmt":"2020-03-25T18:31:41","slug":"escuela-multicolor","status":"publish","type":"post","link":"https:\/\/coreto.cl\/home\/escuela-multicolor\/","title":{"rendered":"Escuela de Circo Multicolor"},"content":{"rendered":"\t\t<div data-elementor-type=\"wp-post\" data-elementor-id=\"24724\" class=\"elementor elementor-24724\">\n\t\t\t\t\t\t<section class=\"elementor-section elementor-top-section elementor-element elementor-element-7e66cd11 elementor-section-boxed elementor-section-height-default elementor-section-height-default\" data-id=\"7e66cd11\" data-element_type=\"section\">\n\t\t\t\t\t\t<div class=\"elementor-container elementor-column-gap-default\">\n\t\t\t\t\t<div class=\"elementor-column elementor-col-100 elementor-top-column elementor-element elementor-element-13f24ae2\" data-id=\"13f24ae2\" data-element_type=\"column\">\n\t\t\t<div class=\"elementor-widget-wrap elementor-element-populated\">\n\t\t\t\t\t\t<div class=\"elementor-element elementor-element-2fa624a9 elementor-widget elementor-widget-text-editor\" data-id=\"2fa624a9\" data-element_type=\"widget\" data-widget_type=\"text-editor.default\">\n\t\t\t\t<div class=\"elementor-widget-container\">\n\t\t\t\t\t\t\t<p><!-- wp:paragraph --><\/p>\n<p>El circo multicolor es una escuela, que tiene como principal objetivo el desarrollo bio-psico-social y la integraci\u00f3n territorial y cultural de ni\u00f1@s chilen@s e inmigrantes a trav\u00e9s de las t\u00e9cnicas y metodolog\u00edas que nos ofrece el circo social.<\/p>\n<p><!-- \/wp:paragraph --><!-- wp:paragraph --><\/p>\n<p>A trav\u00e9s de una alianza con la fundaci\u00f3n Padre Hurtado administradores del santuario del hogar de cristo y gracias a un financiamiento del ministerio de desarrollo social desde el mes de marzo hasta la fecha trabajamos con m\u00e1s de 30 ni\u00f1@s y j\u00f3venes en el coraz\u00f3n de estaci\u00f3n central en uno de los sectores con la mayor tasa de extranjeros residentes en el pa\u00eds.<\/p>\n<p><!-- \/wp:paragraph --><!-- wp:paragraph --><\/p>\n<p>El circo multicolor abre las puertas de un antiguo teatro ubicado al interior del santuario del hogar de cristo los lunes y mi\u00e9rcoles de 17:00 a 19:30 hrs trabajando a trav\u00e9s del arte &nbsp;circense diversas habilidades socio-emocionales como el auto-estima, el respeto a la diversidad, la tolerancia, el trabajo en equipo y la creatividad, habilidades blandas que van en directa relaci\u00f3n a la mejora del rendimiento escolar y las relaciones arm\u00f3nicas con su entorno.<\/p>\n<p><!-- \/wp:paragraph --><!-- wp:paragraph --><\/p>\n<p>El circo progresivamente ha pasado de ser un arte esc\u00e9nico tradicional a convertirse en una poderosa herramienta de transformaci\u00f3n comunitaria \u00fatil para el trabajo social con diversos sujetos, situaciones y contextos, es asi que semana a semana llena de alegr\u00eda, aprendizaje y juego este rinconcito de la comuna, dando frutos ya a las pocas semanas de su puesta en marcha.<\/p>\n<p><!-- \/wp:paragraph --><!-- wp:paragraph --><\/p>\n<p>Si tienes alguna idea de aporte o alianza para seguir desarrollando esta iniciativa no dudes en escribirnos: <a href=\"mailto:adrian.gonzalez@coreto.cl\">adrian.gonzalez@coreto.cl<\/a> +56978602496<\/p>\n<p><!-- \/wp:paragraph --><!-- wp:image {\"id\":24727} --><\/p>\n<figure class=\"wp-block-image\"><img decoding=\"async\" class=\"wp-image-24727\" src=\"https:\/\/coreto.cl\/home\/home\/wp-content\/uploads\/2019\/08\/image-2.png\" alt=\"\"><img decoding=\"async\" class=\"wp-image-24728\" src=\"https:\/\/coreto.cl\/home\/home\/wp-content\/uploads\/2019\/08\/image-3.png\" alt=\"\"><\/figure>\n<p><!-- \/wp:image --><!-- wp:image {\"id\":24728} --><\/p>\n\n<p><!-- \/wp:image --><!-- wp:image {\"id\":24729} --><\/p>\n<figure class=\"wp-block-image\"><img decoding=\"async\" class=\"wp-image-24729\" src=\"https:\/\/coreto.cl\/home\/home\/wp-content\/uploads\/2019\/08\/image-4.png\" alt=\"\"><img decoding=\"async\" class=\"wp-image-24730\" src=\"https:\/\/coreto.cl\/home\/home\/wp-content\/uploads\/2019\/08\/image-5.png\" alt=\"\"><img decoding=\"async\" class=\"wp-image-24731\" src=\"https:\/\/coreto.cl\/home\/home\/wp-content\/uploads\/2019\/08\/image-6.png\" alt=\"\"><\/figure>\n<p><!-- \/wp:image --><!-- wp:image {\"id\":24730} --><\/p>\n\n<p><!-- \/wp:image --><!-- wp:image {\"id\":24731} --><\/p>\n\n<p><!-- \/wp:image --><!-- wp:image --><\/p>\n<figure class=\"wp-block-image\"><img alt=\"\"><\/figure>\n<p><!-- \/wp:image --><!-- wp:image --><\/p>\n<figure class=\"wp-block-image\"><img alt=\"\"><\/figure>\n<p><!-- \/wp:image --><!-- wp:image --><\/p>\n<figure class=\"wp-block-image\"><img alt=\"\"><\/figure>\n<p><!-- \/wp:image --><\/p>\t\t\t\t\t\t<\/div>\n\t\t\t\t<\/div>\n\t\t\t\t\t<\/div>\n\t\t<\/div>\n\t\t\t\t\t<\/div>\n\t\t<\/section>\n\t\t\t\t<\/div>\n\t\t","protected":false},"excerpt":{"rendered":"<p>El circo multicolor es una escuela, que tiene como principal objetivo el desarrollo bio-psico-social y la integraci\u00f3n territorial y cultural de ni\u00f1@s [&hellip;]<\/p>\n","protected":false},"author":2,"featured_media":0,"comment_status":"open","ping_status":"open","sticky":false,"template":"","format":"standard","meta":{"footnotes":""},"categories":[549,555],"tags":[],"class_list":["post-24724","post","type-post","status-publish","format-standard","hentry","category-escuelas-de-circo-social","category-proyectos"],"_links":{"self":[{"href":"https:\/\/coreto.cl\/home\/wp-json\/wp\/v2\/posts\/24724","targetHints":{"allow":["GET"]}}],"collection":[{"href":"https:\/\/coreto.cl\/home\/wp-json\/wp\/v2\/posts"}],"about":[{"href":"https:\/\/coreto.cl\/home\/wp-json\/wp\/v2\/types\/post"}],"author":[{"embeddable":true,"href":"https:\/\/coreto.cl\/home\/wp-json\/wp\/v2\/users\/2"}],"replies":[{"embeddable":true,"href":"https:\/\/coreto.cl\/home\/wp-json\/wp\/v2\/comments?post=24724"}],"version-history":[{"count":4,"href":"https:\/\/coreto.cl\/home\/wp-json\/wp\/v2\/posts\/24724\/revisions"}],"predecessor-version":[{"id":24735,"href":"https:\/\/coreto.cl\/home\/wp-json\/wp\/v2\/posts\/24724\/revisions\/24735"}],"wp:attachment":[{"href":"https:\/\/coreto.cl\/home\/wp-json\/wp\/v2\/media?parent=24724"}],"wp:term":[{"taxonomy":"category","embeddable":true,"href":"https:\/\/coreto.cl\/home\/wp-json\/wp\/v2\/categories?post=24724"},{"taxonomy":"post_tag","embeddable":true,"href":"https:\/\/coreto.cl\/home\/wp-json\/wp\/v2\/tags?post=24724"}],"curies":[{"name":"wp","href":"https:\/\/api.w.org\/{rel}","templated":true}]}}