{"id":141,"date":"2019-03-10T09:56:38","date_gmt":"2019-03-10T12:56:38","guid":{"rendered":"http:\/\/demo.athemes.com\/sydney\/?p=141"},"modified":"2020-03-25T15:19:18","modified_gmt":"2020-03-25T18:19:18","slug":"escuela-peumayen","status":"publish","type":"post","link":"https:\/\/coreto.cl\/home\/escuela-peumayen\/","title":{"rendered":"Escuela de Circo Social Peumayen"},"content":{"rendered":"\t\t<div data-elementor-type=\"wp-post\" data-elementor-id=\"141\" class=\"elementor elementor-141\">\n\t\t\t\t\t\t<section class=\"elementor-section elementor-top-section elementor-element elementor-element-187de7a5 elementor-section-boxed elementor-section-height-default elementor-section-height-default\" data-id=\"187de7a5\" data-element_type=\"section\">\n\t\t\t\t\t\t<div class=\"elementor-container elementor-column-gap-default\">\n\t\t\t\t\t<div class=\"elementor-column elementor-col-100 elementor-top-column elementor-element elementor-element-44dbb2e3\" data-id=\"44dbb2e3\" data-element_type=\"column\">\n\t\t\t<div class=\"elementor-widget-wrap elementor-element-populated\">\n\t\t\t\t\t\t<div class=\"elementor-element elementor-element-21e9924d elementor-widget elementor-widget-text-editor\" data-id=\"21e9924d\" data-element_type=\"widget\" data-widget_type=\"text-editor.default\">\n\t\t\t\t<div class=\"elementor-widget-container\">\n\t\t\t\t\t\t\t<p style=\"text-align: left;\">La escuela de Circo Social Peumay\u00e9n -lugar de sue\u00f1os- es un proyecto destinado al trabajo bio-psico-social con ni\u00f1os y j\u00f3venes de la Poblaci\u00f3n Juan Antonio R\u00edos, comuna de Independencia. La propuesta plantea el aprendizaje de las artes circenses como una potente herramienta para su desarrollo integral como personas, un trabajo colectivo que los acerca al arte y la cultura, potencia sus talentos esc\u00e9nicos, sus habilidades sociales y emocionales.<\/p><p style=\"text-align: left;\">La escuela posee un marcado sello comunitario y participativo, generando procesos de colaboraci\u00f3n entre alumnos, familias y su entorno territorial. Aplica metodolog\u00edas de creaci\u00f3n colectiva, de aprendizaje compartido y se plantea el desaf\u00edo de transformar a los j\u00f3venes que hoy son aprendices en monitores para los ni\u00f1os, d\u00e1ndoles un rol protag\u00f3nico y multiplicador que dar\u00e1 autonom\u00eda al proyecto en el tiempo.<\/p><p style=\"text-align: left;\">La Carpa Escuela se ha validado en el barrio como un lugar seguro y protector para los j\u00f3venes, un espacio que ellos han hecho propio y que es reconocido por los vecinos por su car\u00e1cter positivo e inspirador. Hoy pretende consolidarse como un centro de encuentro y promoci\u00f3n de la cultura, favoreciendo el trabajo en red con la Corporaci\u00f3n Cultural de Independencia y otras organizaciones locales.<\/p><div class=\"tech-sheet\"><div class=\"tech-sheet-item\"><div class=\"tech-sheet\"><div class=\"tech-sheet-item\" style=\"text-align: left;\"><span class=\"key\"><strong>LUGAR\u00a0\u00a0\u00a0\u00a0\u00a0\u00a0\u00a0\u00a0\u00a0\u00a0\u00a0\u00a0\u00a0\u00a0\u00a0\u00a0\u00a0\u00a0\u00a0 <\/strong><\/span>Independencia, Santiago, Regi\u00f3n Metropolitana<\/div><div class=\"tech-sheet-item\" style=\"text-align: left;\"><span class=\"key\"><strong>FECHA\u00a0\u00a0\u00a0\u00a0\u00a0\u00a0\u00a0\u00a0\u00a0\u00a0\u00a0\u00a0\u00a0\u00a0\u00a0\u00a0\u00a0\u00a0\u00a0 <\/strong><\/span>2017-2018<\/div><div class=\"tech-sheet-item\" style=\"text-align: left;\"><span class=\"key\"><strong>EJECUTORES\u00a0\u00a0\u00a0\u00a0\u00a0 <\/strong><\/span>ONG Coreto<\/div><div class=\"tech-sheet-item\" style=\"text-align: left;\"><span class=\"key\"><strong>ALIANZA\u00a0\u00a0\u00a0\u00a0\u00a0\u00a0\u00a0\u00a0\u00a0\u00a0\u00a0\u00a0\u00a0\u00a0\u00a0 <\/strong><\/span>Corporaci\u00f3n Cultural de Independencia, Inacap Maip\u00fa.<\/div><div class=\"tech-sheet-item\">\u00a0<\/div><\/div><\/div><\/div>\t\t\t\t\t\t<\/div>\n\t\t\t\t<\/div>\n\t\t\t\t<div class=\"elementor-element elementor-element-7e333c5 gallery-spacing-custom elementor-widget elementor-widget-image-gallery\" data-id=\"7e333c5\" data-element_type=\"widget\" data-widget_type=\"image-gallery.default\">\n\t\t\t\t<div class=\"elementor-widget-container\">\n\t\t\t\t\t<div class=\"elementor-image-gallery\">\n\t\t\t<div id='gallery-1' class='gallery galleryid-141 gallery-columns-3 gallery-size-thumbnail'><figure class='gallery-item'>\n\t\t\t<div class='gallery-icon landscape'>\n\t\t\t\t<a data-elementor-open-lightbox=\"yes\" data-elementor-lightbox-slideshow=\"7e333c5\" data-e-action-hash=\"#elementor-action%3Aaction%3Dlightbox%26settings%3DeyJpZCI6MjQ1MDAsInVybCI6Imh0dHBzOlwvXC9jb3JldG8uY2xcL2hvbWVcL3dwLWNvbnRlbnRcL3VwbG9hZHNcLzIwMTlcLzA0XC9jaXJjdXNfYWRyaWFuMi5qcGciLCJzbGlkZXNob3ciOiI3ZTMzM2M1In0%3D\" href='https:\/\/coreto.cl\/home\/wp-content\/uploads\/2019\/04\/circus_adrian2.jpg'><img fetchpriority=\"high\" decoding=\"async\" width=\"435\" height=\"290\" src=\"https:\/\/coreto.cl\/home\/wp-content\/uploads\/2019\/04\/circus_adrian2-435x290.jpg\" class=\"attachment-thumbnail size-thumbnail\" alt=\"\" srcset=\"https:\/\/coreto.cl\/home\/wp-content\/uploads\/2019\/04\/circus_adrian2-435x290.jpg 435w, https:\/\/coreto.cl\/home\/wp-content\/uploads\/2019\/04\/circus_adrian2-300x200.jpg 300w, https:\/\/coreto.cl\/home\/wp-content\/uploads\/2019\/04\/circus_adrian2-768x512.jpg 768w, https:\/\/coreto.cl\/home\/wp-content\/uploads\/2019\/04\/circus_adrian2-1100x733.jpg 1100w, https:\/\/coreto.cl\/home\/wp-content\/uploads\/2019\/04\/circus_adrian2-830x553.jpg 830w, https:\/\/coreto.cl\/home\/wp-content\/uploads\/2019\/04\/circus_adrian2-230x153.jpg 230w, https:\/\/coreto.cl\/home\/wp-content\/uploads\/2019\/04\/circus_adrian2-350x233.jpg 350w, https:\/\/coreto.cl\/home\/wp-content\/uploads\/2019\/04\/circus_adrian2-480x320.jpg 480w, https:\/\/coreto.cl\/home\/wp-content\/uploads\/2019\/04\/circus_adrian2.jpg 1280w\" sizes=\"(max-width: 435px) 100vw, 435px\" \/><\/a>\n\t\t\t<\/div><\/figure><figure class='gallery-item'>\n\t\t\t<div class='gallery-icon landscape'>\n\t\t\t\t<a data-elementor-open-lightbox=\"yes\" data-elementor-lightbox-slideshow=\"7e333c5\" data-e-action-hash=\"#elementor-action%3Aaction%3Dlightbox%26settings%3DeyJpZCI6MjQ0OTQsInVybCI6Imh0dHBzOlwvXC9jb3JldG8uY2xcL2hvbWVcL3dwLWNvbnRlbnRcL3VwbG9hZHNcLzIwMTlcLzA0XC9DaXJjby1QZXVtYXllbi0xMV9vcHRpbWl6YWRvLXBhcmEtd2ViLmpwZWciLCJzbGlkZXNob3ciOiI3ZTMzM2M1In0%3D\" href='https:\/\/coreto.cl\/home\/wp-content\/uploads\/2019\/04\/Circo-Peumayen-11_optimizado-para-web.jpeg'><img decoding=\"async\" width=\"440\" height=\"248\" src=\"https:\/\/coreto.cl\/home\/wp-content\/uploads\/2019\/04\/Circo-Peumayen-11_optimizado-para-web-440x248.jpeg\" class=\"attachment-thumbnail size-thumbnail\" alt=\"\" srcset=\"https:\/\/coreto.cl\/home\/wp-content\/uploads\/2019\/04\/Circo-Peumayen-11_optimizado-para-web-440x248.jpeg 440w, https:\/\/coreto.cl\/home\/wp-content\/uploads\/2019\/04\/Circo-Peumayen-11_optimizado-para-web-300x169.jpeg 300w, https:\/\/coreto.cl\/home\/wp-content\/uploads\/2019\/04\/Circo-Peumayen-11_optimizado-para-web-768x432.jpeg 768w, https:\/\/coreto.cl\/home\/wp-content\/uploads\/2019\/04\/Circo-Peumayen-11_optimizado-para-web-1100x619.jpeg 1100w, https:\/\/coreto.cl\/home\/wp-content\/uploads\/2019\/04\/Circo-Peumayen-11_optimizado-para-web-830x467.jpeg 830w, https:\/\/coreto.cl\/home\/wp-content\/uploads\/2019\/04\/Circo-Peumayen-11_optimizado-para-web-230x129.jpeg 230w, https:\/\/coreto.cl\/home\/wp-content\/uploads\/2019\/04\/Circo-Peumayen-11_optimizado-para-web-350x197.jpeg 350w, https:\/\/coreto.cl\/home\/wp-content\/uploads\/2019\/04\/Circo-Peumayen-11_optimizado-para-web-480x270.jpeg 480w, https:\/\/coreto.cl\/home\/wp-content\/uploads\/2019\/04\/Circo-Peumayen-11_optimizado-para-web.jpeg 1280w\" sizes=\"(max-width: 440px) 100vw, 440px\" \/><\/a>\n\t\t\t<\/div><\/figure><figure class='gallery-item'>\n\t\t\t<div class='gallery-icon landscape'>\n\t\t\t\t<a data-elementor-open-lightbox=\"yes\" data-elementor-lightbox-slideshow=\"7e333c5\" data-e-action-hash=\"#elementor-action%3Aaction%3Dlightbox%26settings%3DeyJpZCI6MjQ0OTUsInVybCI6Imh0dHBzOlwvXC9jb3JldG8uY2xcL2hvbWVcL3dwLWNvbnRlbnRcL3VwbG9hZHNcLzIwMTlcLzA0XC9DaXJjby1QZXVtYXllbi0xM19vcHRpbWl6YWRvLXBhcmEtd2ViLmpwZWciLCJzbGlkZXNob3ciOiI3ZTMzM2M1In0%3D\" href='https:\/\/coreto.cl\/home\/wp-content\/uploads\/2019\/04\/Circo-Peumayen-13_optimizado-para-web.jpeg'><img decoding=\"async\" width=\"440\" height=\"248\" src=\"https:\/\/coreto.cl\/home\/wp-content\/uploads\/2019\/04\/Circo-Peumayen-13_optimizado-para-web-440x248.jpeg\" class=\"attachment-thumbnail size-thumbnail\" alt=\"\" srcset=\"https:\/\/coreto.cl\/home\/wp-content\/uploads\/2019\/04\/Circo-Peumayen-13_optimizado-para-web-440x248.jpeg 440w, https:\/\/coreto.cl\/home\/wp-content\/uploads\/2019\/04\/Circo-Peumayen-13_optimizado-para-web-300x169.jpeg 300w, https:\/\/coreto.cl\/home\/wp-content\/uploads\/2019\/04\/Circo-Peumayen-13_optimizado-para-web-768x432.jpeg 768w, https:\/\/coreto.cl\/home\/wp-content\/uploads\/2019\/04\/Circo-Peumayen-13_optimizado-para-web-1100x619.jpeg 1100w, https:\/\/coreto.cl\/home\/wp-content\/uploads\/2019\/04\/Circo-Peumayen-13_optimizado-para-web-830x467.jpeg 830w, https:\/\/coreto.cl\/home\/wp-content\/uploads\/2019\/04\/Circo-Peumayen-13_optimizado-para-web-230x129.jpeg 230w, https:\/\/coreto.cl\/home\/wp-content\/uploads\/2019\/04\/Circo-Peumayen-13_optimizado-para-web-350x197.jpeg 350w, https:\/\/coreto.cl\/home\/wp-content\/uploads\/2019\/04\/Circo-Peumayen-13_optimizado-para-web-480x270.jpeg 480w, https:\/\/coreto.cl\/home\/wp-content\/uploads\/2019\/04\/Circo-Peumayen-13_optimizado-para-web.jpeg 1280w\" sizes=\"(max-width: 440px) 100vw, 440px\" \/><\/a>\n\t\t\t<\/div><\/figure><figure class='gallery-item'>\n\t\t\t<div class='gallery-icon landscape'>\n\t\t\t\t<a data-elementor-open-lightbox=\"yes\" data-elementor-lightbox-slideshow=\"7e333c5\" data-e-action-hash=\"#elementor-action%3Aaction%3Dlightbox%26settings%3DeyJpZCI6MjQ0OTYsInVybCI6Imh0dHBzOlwvXC9jb3JldG8uY2xcL2hvbWVcL3dwLWNvbnRlbnRcL3VwbG9hZHNcLzIwMTlcLzA0XC9DaXJjby1QZXVtYXllbi0yMV9vcHRpbWl6YWRvLXBhcmEtd2ViLmpwZWciLCJzbGlkZXNob3ciOiI3ZTMzM2M1In0%3D\" href='https:\/\/coreto.cl\/home\/wp-content\/uploads\/2019\/04\/Circo-Peumayen-21_optimizado-para-web.jpeg'><img loading=\"lazy\" decoding=\"async\" width=\"440\" height=\"248\" src=\"https:\/\/coreto.cl\/home\/wp-content\/uploads\/2019\/04\/Circo-Peumayen-21_optimizado-para-web-440x248.jpeg\" class=\"attachment-thumbnail size-thumbnail\" alt=\"\" srcset=\"https:\/\/coreto.cl\/home\/wp-content\/uploads\/2019\/04\/Circo-Peumayen-21_optimizado-para-web-440x248.jpeg 440w, https:\/\/coreto.cl\/home\/wp-content\/uploads\/2019\/04\/Circo-Peumayen-21_optimizado-para-web-300x169.jpeg 300w, https:\/\/coreto.cl\/home\/wp-content\/uploads\/2019\/04\/Circo-Peumayen-21_optimizado-para-web-768x432.jpeg 768w, https:\/\/coreto.cl\/home\/wp-content\/uploads\/2019\/04\/Circo-Peumayen-21_optimizado-para-web-1100x619.jpeg 1100w, https:\/\/coreto.cl\/home\/wp-content\/uploads\/2019\/04\/Circo-Peumayen-21_optimizado-para-web-830x467.jpeg 830w, https:\/\/coreto.cl\/home\/wp-content\/uploads\/2019\/04\/Circo-Peumayen-21_optimizado-para-web-230x129.jpeg 230w, https:\/\/coreto.cl\/home\/wp-content\/uploads\/2019\/04\/Circo-Peumayen-21_optimizado-para-web-350x197.jpeg 350w, https:\/\/coreto.cl\/home\/wp-content\/uploads\/2019\/04\/Circo-Peumayen-21_optimizado-para-web-480x270.jpeg 480w, https:\/\/coreto.cl\/home\/wp-content\/uploads\/2019\/04\/Circo-Peumayen-21_optimizado-para-web.jpeg 1280w\" sizes=\"(max-width: 440px) 100vw, 440px\" \/><\/a>\n\t\t\t<\/div><\/figure><figure class='gallery-item'>\n\t\t\t<div class='gallery-icon landscape'>\n\t\t\t\t<a data-elementor-open-lightbox=\"yes\" data-elementor-lightbox-slideshow=\"7e333c5\" data-e-action-hash=\"#elementor-action%3Aaction%3Dlightbox%26settings%3DeyJpZCI6MjQ0OTcsInVybCI6Imh0dHBzOlwvXC9jb3JldG8uY2xcL2hvbWVcL3dwLWNvbnRlbnRcL3VwbG9hZHNcLzIwMTlcLzA0XC9DaXJjby1QZXVtYXllbi0yMl9vcHRpbWl6YWRvLXBhcmEtd2ViLmpwZWciLCJzbGlkZXNob3ciOiI3ZTMzM2M1In0%3D\" href='https:\/\/coreto.cl\/home\/wp-content\/uploads\/2019\/04\/Circo-Peumayen-22_optimizado-para-web.jpeg'><img loading=\"lazy\" decoding=\"async\" width=\"440\" height=\"248\" src=\"https:\/\/coreto.cl\/home\/wp-content\/uploads\/2019\/04\/Circo-Peumayen-22_optimizado-para-web-440x248.jpeg\" class=\"attachment-thumbnail size-thumbnail\" alt=\"\" srcset=\"https:\/\/coreto.cl\/home\/wp-content\/uploads\/2019\/04\/Circo-Peumayen-22_optimizado-para-web-440x248.jpeg 440w, https:\/\/coreto.cl\/home\/wp-content\/uploads\/2019\/04\/Circo-Peumayen-22_optimizado-para-web-300x169.jpeg 300w, https:\/\/coreto.cl\/home\/wp-content\/uploads\/2019\/04\/Circo-Peumayen-22_optimizado-para-web-768x432.jpeg 768w, https:\/\/coreto.cl\/home\/wp-content\/uploads\/2019\/04\/Circo-Peumayen-22_optimizado-para-web-1100x619.jpeg 1100w, https:\/\/coreto.cl\/home\/wp-content\/uploads\/2019\/04\/Circo-Peumayen-22_optimizado-para-web-830x467.jpeg 830w, https:\/\/coreto.cl\/home\/wp-content\/uploads\/2019\/04\/Circo-Peumayen-22_optimizado-para-web-230x129.jpeg 230w, https:\/\/coreto.cl\/home\/wp-content\/uploads\/2019\/04\/Circo-Peumayen-22_optimizado-para-web-350x197.jpeg 350w, https:\/\/coreto.cl\/home\/wp-content\/uploads\/2019\/04\/Circo-Peumayen-22_optimizado-para-web-480x270.jpeg 480w, https:\/\/coreto.cl\/home\/wp-content\/uploads\/2019\/04\/Circo-Peumayen-22_optimizado-para-web.jpeg 1280w\" sizes=\"(max-width: 440px) 100vw, 440px\" \/><\/a>\n\t\t\t<\/div><\/figure>\n\t\t<\/div>\n\t\t<\/div>\n\t\t\t\t<\/div>\n\t\t\t\t<\/div>\n\t\t\t\t<div class=\"elementor-element elementor-element-c16e995 elementor-widget elementor-widget-text-editor\" data-id=\"c16e995\" data-element_type=\"widget\" data-widget_type=\"text-editor.default\">\n\t\t\t\t<div class=\"elementor-widget-container\">\n\t\t\t\t\t\t\t<p><iframe width=\"1170\" height=\"658\" src=\"https:\/\/www.youtube.com\/embed\/q9Uyd0hkx_k?feature=oembed\" frameborder=\"0\" allow=\"accelerometer; autoplay; encrypted-media; gyroscope; picture-in-picture\" allowfullscreen><\/iframe><\/p>\t\t\t\t\t\t<\/div>\n\t\t\t\t<\/div>\n\t\t\t\t\t<\/div>\n\t\t<\/div>\n\t\t\t\t\t<\/div>\n\t\t<\/section>\n\t\t\t\t<\/div>\n\t\t","protected":false},"excerpt":{"rendered":"<p>La escuela de Circo Social Peumay\u00e9n -lugar de sue\u00f1os- es un proyecto destinado al trabajo bio-psico-social con ni\u00f1os y j\u00f3venes de la [&hellip;]<\/p>\n","protected":false},"author":1,"featured_media":20986,"comment_status":"open","ping_status":"closed","sticky":false,"template":"","format":"standard","meta":{"footnotes":""},"categories":[549,555],"tags":[],"class_list":["post-141","post","type-post","status-publish","format-standard","has-post-thumbnail","hentry","category-escuelas-de-circo-social","category-proyectos"],"_links":{"self":[{"href":"https:\/\/coreto.cl\/home\/wp-json\/wp\/v2\/posts\/141","targetHints":{"allow":["GET"]}}],"collection":[{"href":"https:\/\/coreto.cl\/home\/wp-json\/wp\/v2\/posts"}],"about":[{"href":"https:\/\/coreto.cl\/home\/wp-json\/wp\/v2\/types\/post"}],"author":[{"embeddable":true,"href":"https:\/\/coreto.cl\/home\/wp-json\/wp\/v2\/users\/1"}],"replies":[{"embeddable":true,"href":"https:\/\/coreto.cl\/home\/wp-json\/wp\/v2\/comments?post=141"}],"version-history":[{"count":12,"href":"https:\/\/coreto.cl\/home\/wp-json\/wp\/v2\/posts\/141\/revisions"}],"predecessor-version":[{"id":24514,"href":"https:\/\/coreto.cl\/home\/wp-json\/wp\/v2\/posts\/141\/revisions\/24514"}],"wp:featuredmedia":[{"embeddable":true,"href":"https:\/\/coreto.cl\/home\/wp-json\/wp\/v2\/media\/20986"}],"wp:attachment":[{"href":"https:\/\/coreto.cl\/home\/wp-json\/wp\/v2\/media?parent=141"}],"wp:term":[{"taxonomy":"category","embeddable":true,"href":"https:\/\/coreto.cl\/home\/wp-json\/wp\/v2\/categories?post=141"},{"taxonomy":"post_tag","embeddable":true,"href":"https:\/\/coreto.cl\/home\/wp-json\/wp\/v2\/tags?post=141"}],"curies":[{"name":"wp","href":"https:\/\/api.w.org\/{rel}","templated":true}]}}